{"id":800,"date":"2018-08-10T18:29:24","date_gmt":"2018-08-10T21:29:24","guid":{"rendered":"http:\/\/www.lucaslima.a2hosted.com\/capoeiraviva\/?p=800"},"modified":"2018-08-31T00:48:53","modified_gmt":"2018-08-31T03:48:53","slug":"ultima-de-2015-part-2-wj5p","status":"publish","type":"post","link":"https:\/\/www.capoeiraviva.net\/en\/ultima-de-2015-part-2-wj5p\/","title":{"rendered":"2015 last Roda Part 2"},"content":{"rendered":"<iframe loading=\"lazy\" src=\"https:\/\/player.vimeo.com\/video\/283021590?app_id=122963\" width=\"800\" height=\"450\" frameborder=\"0\" title=\"Republica 201215\" webkitallowfullscreen mozallowfullscreen allowfullscreen><\/iframe><\/p>\n<p><span style=\"font-weight: 400;\">Rep\u00fablica Square &#8211; S\u00e3o Paulo<\/span><\/p>\n<p><span style=\"font-weight: 400;\">Data: 12\/20\/2015<\/span><\/p>\n<p><span style=\"font-weight: 400;\">Singing: Minhoca<\/span><\/p>\n<p><span style=\"font-weight: 400;\">First Game: Mestre Piloto and Gugu<\/span><\/p>\n<p><span style=\"font-weight: 400;\">Second Game: Mestre Geraldo Baiano and Saci<\/span><\/p>\n<p><span style=\"font-weight: 400;\">Third Game: Leandro and Baiano<\/span><\/p>\n<p>Fourth Game: Gugu and Arthur Fiu<\/p>\n<p>Fifth Game: Mestres Geraldo Baiano and Piloto<\/p>\n<p>Sixth Game: Neguinho Black and xxxx","protected":false},"excerpt":{"rendered":"<p>Rep\u00fablica Square &#8211; S\u00e3o Paulo<\/p>\n<p>Data: 12\/20\/2015<\/p>\n<p>Singing: Minhoca<\/p>\n<p>First Game: Mestre Piloto and Gugu<\/p>\n<p>Second Game: Mestre Geraldo Baiano and Saci<\/p>\n<p>Third Game: Leandro and Baiano<\/p>\n<p>Fourth Game: Gugu and Arthur Fiu<\/p>\n<p>Fifth Game: Mestres Geraldo Baiano and Piloto<\/p>\n<p>Sixth Game: Neguinho Black and xxxx<\/p>\n","protected":false},"author":17,"featured_media":801,"comment_status":"open","ping_status":"open","sticky":false,"template":"","format":"standard","meta":{"_monsterinsights_skip_tracking":false,"_monsterinsights_sitenote_active":false,"_monsterinsights_sitenote_note":"","_monsterinsights_sitenote_category":0,"footnotes":"","_links_to":"","_links_to_target":""},"categories":[20,21,3],"tags":[],"class_list":["post-800","post","type-post","status-publish","format-standard","has-post-thumbnail","hentry","category-2015-praca-republica","category-acervo-completo","category-praca-da-republica"],"yoast_head":"<!-- This site is optimized with the Yoast SEO plugin v27.5 - https:\/\/yoast.com\/product\/yoast-seo-wordpress\/ -->\n<title>2015 last Roda Part 2 - CapoeiraViva.net<\/title>\n<meta name=\"robots\" content=\"index, follow, max-snippet:-1, max-image-preview:large, max-video-preview:-1\" \/>\n<link rel=\"canonical\" href=\"https:\/\/www.capoeiraviva.net\/ultima-de-2015-part-2-wj5p\/\" \/>\n<meta property=\"og:locale\" content=\"en_US\" \/>\n<meta property=\"og:type\" content=\"article\" \/>\n<meta property=\"og:title\" content=\"2015 last Roda Part 2 - CapoeiraViva.net\" \/>\n<meta property=\"og:description\" content=\"[:pb]Pra\u00e7a da Rep\u00fablica - S\u00e3o Paulo  Data: 20\/12\/2015  Cantando: Minhoca  Primeiro Jogo: Mestre Piloto e Gugu  Segundo Jogo: Mestre Geraldo Baiano e Saci  Terceiro Jogo: Leandro e Baiano  Quarto Jogo: Gugu e Arthur Fiu  Quinto Jogo: Mestres Geraldo Baiano e Piloto  Sexto Jogo: Neguinho Black e xxxx[:en]Rep\u00fablica Square - S\u00e3o Paulo  Data: 12\/20\/2015  Singing: Minhoca  First Game: Mestre Piloto and Gugu  Second Game: Mestre Geraldo Baiano and Saci  Third Game: Leandro and Baiano  Fourth Game: Gugu and Arthur Fiu  Fifth Game: Mestres Geraldo Baiano and Piloto  Sixth Game: Neguinho Black and xxxx[:]\" \/>\n<meta property=\"og:url\" content=\"https:\/\/www.capoeiraviva.net\/ultima-de-2015-part-2-wj5p\/\" \/>\n<meta property=\"og:site_name\" content=\"CapoeiraViva.net\" \/>\n<meta property=\"article:publisher\" content=\"https:\/\/www.facebook.com\/capoeiradarepublica\/\" \/>\n<meta property=\"article:published_time\" content=\"2018-08-10T21:29:24+00:00\" \/>\n<meta property=\"article:modified_time\" content=\"2018-08-31T03:48:53+00:00\" \/>\n<meta property=\"og:image\" content=\"https:\/\/www.capoeiraviva.net\/wp-content\/uploads\/2018\/08\/201215-part-2.jpg\" \/>\n\t<meta property=\"og:image:width\" content=\"1920\" \/>\n\t<meta property=\"og:image:height\" content=\"1080\" \/>\n\t<meta property=\"og:image:type\" content=\"image\/jpeg\" \/>\n<meta name=\"author\" content=\"Fabio\" \/>\n<meta name=\"twitter:card\" content=\"summary_large_image\" \/>\n<meta name=\"twitter:label1\" content=\"Written by\" \/>\n\t<meta name=\"twitter:data1\" content=\"Fabio\" \/>\n\t<meta name=\"twitter:label2\" content=\"Est. reading time\" \/>\n\t<meta name=\"twitter:data2\" content=\"1 minute\" \/>\n<script type=\"application\/ld+json\" class=\"yoast-schema-graph\">{\"@context\":\"https:\\\/\\\/schema.org\",\"@graph\":[{\"@type\":\"Article\",\"@id\":\"https:\\\/\\\/www.capoeiraviva.net\\\/ultima-de-2015-part-2-wj5p\\\/#article\",\"isPartOf\":{\"@id\":\"https:\\\/\\\/www.capoeiraviva.net\\\/ultima-de-2015-part-2-wj5p\\\/\"},\"author\":{\"name\":\"Fabio\",\"@id\":\"https:\\\/\\\/www.capoeiraviva.net\\\/#\\\/schema\\\/person\\\/21692530fb06ef856d56792f53e47962\"},\"headline\":\"2015 last Roda Part 2\",\"datePublished\":\"2018-08-10T21:29:24+00:00\",\"dateModified\":\"2018-08-31T03:48:53+00:00\",\"mainEntityOfPage\":{\"@id\":\"https:\\\/\\\/www.capoeiraviva.net\\\/ultima-de-2015-part-2-wj5p\\\/\"},\"wordCount\":116,\"commentCount\":0,\"publisher\":{\"@id\":\"https:\\\/\\\/www.capoeiraviva.net\\\/#organization\"},\"image\":{\"@id\":\"https:\\\/\\\/www.capoeiraviva.net\\\/ultima-de-2015-part-2-wj5p\\\/#primaryimage\"},\"thumbnailUrl\":\"https:\\\/\\\/www.capoeiraviva.net\\\/wp-content\\\/uploads\\\/2018\\\/08\\\/201215-part-2.jpg\",\"articleSection\":[\"2015\",\"Archive\",\"Pra\u00e7a da Rep\u00fablica\"],\"inLanguage\":\"en-US\",\"potentialAction\":[{\"@type\":\"CommentAction\",\"name\":\"Comment\",\"target\":[\"https:\\\/\\\/www.capoeiraviva.net\\\/ultima-de-2015-part-2-wj5p\\\/#respond\"]}]},{\"@type\":\"WebPage\",\"@id\":\"https:\\\/\\\/www.capoeiraviva.net\\\/ultima-de-2015-part-2-wj5p\\\/\",\"url\":\"https:\\\/\\\/www.capoeiraviva.net\\\/ultima-de-2015-part-2-wj5p\\\/\",\"name\":\"2015 last Roda Part 2 - CapoeiraViva.net\",\"isPartOf\":{\"@id\":\"https:\\\/\\\/www.capoeiraviva.net\\\/#website\"},\"primaryImageOfPage\":{\"@id\":\"https:\\\/\\\/www.capoeiraviva.net\\\/ultima-de-2015-part-2-wj5p\\\/#primaryimage\"},\"image\":{\"@id\":\"https:\\\/\\\/www.capoeiraviva.net\\\/ultima-de-2015-part-2-wj5p\\\/#primaryimage\"},\"thumbnailUrl\":\"https:\\\/\\\/www.capoeiraviva.net\\\/wp-content\\\/uploads\\\/2018\\\/08\\\/201215-part-2.jpg\",\"datePublished\":\"2018-08-10T21:29:24+00:00\",\"dateModified\":\"2018-08-31T03:48:53+00:00\",\"breadcrumb\":{\"@id\":\"https:\\\/\\\/www.capoeiraviva.net\\\/ultima-de-2015-part-2-wj5p\\\/#breadcrumb\"},\"inLanguage\":\"en-US\",\"potentialAction\":[{\"@type\":\"ReadAction\",\"target\":[\"https:\\\/\\\/www.capoeiraviva.net\\\/ultima-de-2015-part-2-wj5p\\\/\"]}]},{\"@type\":\"ImageObject\",\"inLanguage\":\"en-US\",\"@id\":\"https:\\\/\\\/www.capoeiraviva.net\\\/ultima-de-2015-part-2-wj5p\\\/#primaryimage\",\"url\":\"https:\\\/\\\/www.capoeiraviva.net\\\/wp-content\\\/uploads\\\/2018\\\/08\\\/201215-part-2.jpg\",\"contentUrl\":\"https:\\\/\\\/www.capoeiraviva.net\\\/wp-content\\\/uploads\\\/2018\\\/08\\\/201215-part-2.jpg\",\"width\":1920,\"height\":1080},{\"@type\":\"BreadcrumbList\",\"@id\":\"https:\\\/\\\/www.capoeiraviva.net\\\/ultima-de-2015-part-2-wj5p\\\/#breadcrumb\",\"itemListElement\":[{\"@type\":\"ListItem\",\"position\":1,\"name\":\"In\u00edcio\",\"item\":\"https:\\\/\\\/www.capoeiraviva.net\\\/\"},{\"@type\":\"ListItem\",\"position\":2,\"name\":\"\u00daltima de 2015 part 2\"}]},{\"@type\":\"WebSite\",\"@id\":\"https:\\\/\\\/www.capoeiraviva.net\\\/#website\",\"url\":\"https:\\\/\\\/www.capoeiraviva.net\\\/\",\"name\":\"CapoeiraViva.net\",\"description\":\"Acervo audiovisual de registro hist\u00f3rico da capoeira em S\u00e3o Paulo\",\"publisher\":{\"@id\":\"https:\\\/\\\/www.capoeiraviva.net\\\/#organization\"},\"potentialAction\":[{\"@type\":\"SearchAction\",\"target\":{\"@type\":\"EntryPoint\",\"urlTemplate\":\"https:\\\/\\\/www.capoeiraviva.net\\\/?s={search_term_string}\"},\"query-input\":{\"@type\":\"PropertyValueSpecification\",\"valueRequired\":true,\"valueName\":\"search_term_string\"}}],\"inLanguage\":\"en-US\"},{\"@type\":\"Organization\",\"@id\":\"https:\\\/\\\/www.capoeiraviva.net\\\/#organization\",\"name\":\"CapoeiraViva.net\",\"url\":\"https:\\\/\\\/www.capoeiraviva.net\\\/\",\"logo\":{\"@type\":\"ImageObject\",\"inLanguage\":\"en-US\",\"@id\":\"https:\\\/\\\/www.capoeiraviva.net\\\/#\\\/schema\\\/logo\\\/image\\\/\",\"url\":\"https:\\\/\\\/www.capoeiraviva.net\\\/wp-content\\\/uploads\\\/2018\\\/07\\\/Capture-1.png\",\"contentUrl\":\"https:\\\/\\\/www.capoeiraviva.net\\\/wp-content\\\/uploads\\\/2018\\\/07\\\/Capture-1.png\",\"width\":390,\"height\":108,\"caption\":\"CapoeiraViva.net\"},\"image\":{\"@id\":\"https:\\\/\\\/www.capoeiraviva.net\\\/#\\\/schema\\\/logo\\\/image\\\/\"},\"sameAs\":[\"https:\\\/\\\/www.facebook.com\\\/capoeiradarepublica\\\/\",\"https:\\\/\\\/www.instagram.com\\\/capoeiraviva\\\/\",\"https:\\\/\\\/www.youtube.com\\\/channel\\\/UCmltguCAFi1opI8iqfMF7ug\\\/feed\"]},{\"@type\":\"Person\",\"@id\":\"https:\\\/\\\/www.capoeiraviva.net\\\/#\\\/schema\\\/person\\\/21692530fb06ef856d56792f53e47962\",\"name\":\"Fabio\",\"image\":{\"@type\":\"ImageObject\",\"inLanguage\":\"en-US\",\"@id\":\"https:\\\/\\\/secure.gravatar.com\\\/avatar\\\/e665762c7cf105024810557a3258e1e2e5bb84a907450cdaa938f4551d7f593d?s=96&d=mm&r=g\",\"url\":\"https:\\\/\\\/secure.gravatar.com\\\/avatar\\\/e665762c7cf105024810557a3258e1e2e5bb84a907450cdaa938f4551d7f593d?s=96&d=mm&r=g\",\"contentUrl\":\"https:\\\/\\\/secure.gravatar.com\\\/avatar\\\/e665762c7cf105024810557a3258e1e2e5bb84a907450cdaa938f4551d7f593d?s=96&d=mm&r=g\",\"caption\":\"Fabio\"},\"url\":\"https:\\\/\\\/www.capoeiraviva.net\\\/en\\\/author\\\/fabio\\\/\"}]}<\/script>\n<!-- \/ Yoast SEO plugin. -->","yoast_head_json":{"title":"2015 last Roda Part 2 - CapoeiraViva.net","robots":{"index":"index","follow":"follow","max-snippet":"max-snippet:-1","max-image-preview":"max-image-preview:large","max-video-preview":"max-video-preview:-1"},"canonical":"https:\/\/www.capoeiraviva.net\/ultima-de-2015-part-2-wj5p\/","og_locale":"en_US","og_type":"article","og_title":"2015 last Roda Part 2 - CapoeiraViva.net","og_description":"[:pb]Pra\u00e7a da Rep\u00fablica - S\u00e3o Paulo  Data: 20\/12\/2015  Cantando: Minhoca  Primeiro Jogo: Mestre Piloto e Gugu  Segundo Jogo: Mestre Geraldo Baiano e Saci  Terceiro Jogo: Leandro e Baiano  Quarto Jogo: Gugu e Arthur Fiu  Quinto Jogo: Mestres Geraldo Baiano e Piloto  Sexto Jogo: Neguinho Black e xxxx[:en]Rep\u00fablica Square - S\u00e3o Paulo  Data: 12\/20\/2015  Singing: Minhoca  First Game: Mestre Piloto and Gugu  Second Game: Mestre Geraldo Baiano and Saci  Third Game: Leandro and Baiano  Fourth Game: Gugu and Arthur Fiu  Fifth Game: Mestres Geraldo Baiano and Piloto  Sixth Game: Neguinho Black and xxxx[:]","og_url":"https:\/\/www.capoeiraviva.net\/ultima-de-2015-part-2-wj5p\/","og_site_name":"CapoeiraViva.net","article_publisher":"https:\/\/www.facebook.com\/capoeiradarepublica\/","article_published_time":"2018-08-10T21:29:24+00:00","article_modified_time":"2018-08-31T03:48:53+00:00","og_image":[{"width":1920,"height":1080,"url":"https:\/\/www.capoeiraviva.net\/wp-content\/uploads\/2018\/08\/201215-part-2.jpg","type":"image\/jpeg"}],"author":"Fabio","twitter_card":"summary_large_image","twitter_misc":{"Written by":"Fabio","Est. reading time":"1 minute"},"schema":{"@context":"https:\/\/schema.org","@graph":[{"@type":"Article","@id":"https:\/\/www.capoeiraviva.net\/ultima-de-2015-part-2-wj5p\/#article","isPartOf":{"@id":"https:\/\/www.capoeiraviva.net\/ultima-de-2015-part-2-wj5p\/"},"author":{"name":"Fabio","@id":"https:\/\/www.capoeiraviva.net\/#\/schema\/person\/21692530fb06ef856d56792f53e47962"},"headline":"2015 last Roda Part 2","datePublished":"2018-08-10T21:29:24+00:00","dateModified":"2018-08-31T03:48:53+00:00","mainEntityOfPage":{"@id":"https:\/\/www.capoeiraviva.net\/ultima-de-2015-part-2-wj5p\/"},"wordCount":116,"commentCount":0,"publisher":{"@id":"https:\/\/www.capoeiraviva.net\/#organization"},"image":{"@id":"https:\/\/www.capoeiraviva.net\/ultima-de-2015-part-2-wj5p\/#primaryimage"},"thumbnailUrl":"https:\/\/www.capoeiraviva.net\/wp-content\/uploads\/2018\/08\/201215-part-2.jpg","articleSection":["2015","Archive","Pra\u00e7a da Rep\u00fablica"],"inLanguage":"en-US","potentialAction":[{"@type":"CommentAction","name":"Comment","target":["https:\/\/www.capoeiraviva.net\/ultima-de-2015-part-2-wj5p\/#respond"]}]},{"@type":"WebPage","@id":"https:\/\/www.capoeiraviva.net\/ultima-de-2015-part-2-wj5p\/","url":"https:\/\/www.capoeiraviva.net\/ultima-de-2015-part-2-wj5p\/","name":"2015 last Roda Part 2 - CapoeiraViva.net","isPartOf":{"@id":"https:\/\/www.capoeiraviva.net\/#website"},"primaryImageOfPage":{"@id":"https:\/\/www.capoeiraviva.net\/ultima-de-2015-part-2-wj5p\/#primaryimage"},"image":{"@id":"https:\/\/www.capoeiraviva.net\/ultima-de-2015-part-2-wj5p\/#primaryimage"},"thumbnailUrl":"https:\/\/www.capoeiraviva.net\/wp-content\/uploads\/2018\/08\/201215-part-2.jpg","datePublished":"2018-08-10T21:29:24+00:00","dateModified":"2018-08-31T03:48:53+00:00","breadcrumb":{"@id":"https:\/\/www.capoeiraviva.net\/ultima-de-2015-part-2-wj5p\/#breadcrumb"},"inLanguage":"en-US","potentialAction":[{"@type":"ReadAction","target":["https:\/\/www.capoeiraviva.net\/ultima-de-2015-part-2-wj5p\/"]}]},{"@type":"ImageObject","inLanguage":"en-US","@id":"https:\/\/www.capoeiraviva.net\/ultima-de-2015-part-2-wj5p\/#primaryimage","url":"https:\/\/www.capoeiraviva.net\/wp-content\/uploads\/2018\/08\/201215-part-2.jpg","contentUrl":"https:\/\/www.capoeiraviva.net\/wp-content\/uploads\/2018\/08\/201215-part-2.jpg","width":1920,"height":1080},{"@type":"BreadcrumbList","@id":"https:\/\/www.capoeiraviva.net\/ultima-de-2015-part-2-wj5p\/#breadcrumb","itemListElement":[{"@type":"ListItem","position":1,"name":"In\u00edcio","item":"https:\/\/www.capoeiraviva.net\/"},{"@type":"ListItem","position":2,"name":"\u00daltima de 2015 part 2"}]},{"@type":"WebSite","@id":"https:\/\/www.capoeiraviva.net\/#website","url":"https:\/\/www.capoeiraviva.net\/","name":"CapoeiraViva.net","description":"Acervo audiovisual de registro hist\u00f3rico da capoeira em S\u00e3o Paulo","publisher":{"@id":"https:\/\/www.capoeiraviva.net\/#organization"},"potentialAction":[{"@type":"SearchAction","target":{"@type":"EntryPoint","urlTemplate":"https:\/\/www.capoeiraviva.net\/?s={search_term_string}"},"query-input":{"@type":"PropertyValueSpecification","valueRequired":true,"valueName":"search_term_string"}}],"inLanguage":"en-US"},{"@type":"Organization","@id":"https:\/\/www.capoeiraviva.net\/#organization","name":"CapoeiraViva.net","url":"https:\/\/www.capoeiraviva.net\/","logo":{"@type":"ImageObject","inLanguage":"en-US","@id":"https:\/\/www.capoeiraviva.net\/#\/schema\/logo\/image\/","url":"https:\/\/www.capoeiraviva.net\/wp-content\/uploads\/2018\/07\/Capture-1.png","contentUrl":"https:\/\/www.capoeiraviva.net\/wp-content\/uploads\/2018\/07\/Capture-1.png","width":390,"height":108,"caption":"CapoeiraViva.net"},"image":{"@id":"https:\/\/www.capoeiraviva.net\/#\/schema\/logo\/image\/"},"sameAs":["https:\/\/www.facebook.com\/capoeiradarepublica\/","https:\/\/www.instagram.com\/capoeiraviva\/","https:\/\/www.youtube.com\/channel\/UCmltguCAFi1opI8iqfMF7ug\/feed"]},{"@type":"Person","@id":"https:\/\/www.capoeiraviva.net\/#\/schema\/person\/21692530fb06ef856d56792f53e47962","name":"Fabio","image":{"@type":"ImageObject","inLanguage":"en-US","@id":"https:\/\/secure.gravatar.com\/avatar\/e665762c7cf105024810557a3258e1e2e5bb84a907450cdaa938f4551d7f593d?s=96&d=mm&r=g","url":"https:\/\/secure.gravatar.com\/avatar\/e665762c7cf105024810557a3258e1e2e5bb84a907450cdaa938f4551d7f593d?s=96&d=mm&r=g","contentUrl":"https:\/\/secure.gravatar.com\/avatar\/e665762c7cf105024810557a3258e1e2e5bb84a907450cdaa938f4551d7f593d?s=96&d=mm&r=g","caption":"Fabio"},"url":"https:\/\/www.capoeiraviva.net\/en\/author\/fabio\/"}]}},"_links":{"self":[{"href":"https:\/\/www.capoeiraviva.net\/en\/wp-json\/wp\/v2\/posts\/800","targetHints":{"allow":["GET"]}}],"collection":[{"href":"https:\/\/www.capoeiraviva.net\/en\/wp-json\/wp\/v2\/posts"}],"about":[{"href":"https:\/\/www.capoeiraviva.net\/en\/wp-json\/wp\/v2\/types\/post"}],"author":[{"embeddable":true,"href":"https:\/\/www.capoeiraviva.net\/en\/wp-json\/wp\/v2\/users\/17"}],"replies":[{"embeddable":true,"href":"https:\/\/www.capoeiraviva.net\/en\/wp-json\/wp\/v2\/comments?post=800"}],"version-history":[{"count":1,"href":"https:\/\/www.capoeiraviva.net\/en\/wp-json\/wp\/v2\/posts\/800\/revisions"}],"predecessor-version":[{"id":802,"href":"https:\/\/www.capoeiraviva.net\/en\/wp-json\/wp\/v2\/posts\/800\/revisions\/802"}],"wp:featuredmedia":[{"embeddable":true,"href":"https:\/\/www.capoeiraviva.net\/en\/wp-json\/wp\/v2\/media\/801"}],"wp:attachment":[{"href":"https:\/\/www.capoeiraviva.net\/en\/wp-json\/wp\/v2\/media?parent=800"}],"wp:term":[{"taxonomy":"category","embeddable":true,"href":"https:\/\/www.capoeiraviva.net\/en\/wp-json\/wp\/v2\/categories?post=800"},{"taxonomy":"post_tag","embeddable":true,"href":"https:\/\/www.capoeiraviva.net\/en\/wp-json\/wp\/v2\/tags?post=800"}],"curies":[{"name":"wp","href":"https:\/\/api.w.org\/{rel}","templated":true}]}}