{"id":1908,"date":"2020-06-16T15:51:48","date_gmt":"2020-06-16T18:51:48","guid":{"rendered":"https:\/\/www.capoeiraviva.net\/?p=1908"},"modified":"2020-06-16T16:10:16","modified_gmt":"2020-06-16T19:10:16","slug":"episodio-03-radio-capoeiraviva-net","status":"publish","type":"post","link":"https:\/\/www.capoeiraviva.net\/en\/episodio-03-radio-capoeiraviva-net\/","title":{"rendered":"CapoeiraViva.net Radio Station &#8211; Ep. 03"},"content":{"rendered":"<iframe loading=\"lazy\" src=\"https:\/\/player.vimeo.com\/video\/429699343?h=5ca7dbab4a&amp;dnt=1&amp;app_id=122963\" width=\"800\" height=\"450\" frameborder=\"0\" allow=\"autoplay; fullscreen; picture-in-picture\" allowfullscreen><\/iframe><\/p>\n<p>CapoeiraViva.net radio 3rd episode<\/p>\n<p>This is a pilot project where we\u2019ve selected the best Capoeira songs recorded of the last years by our crew.<\/p>\n<p>Between songs, we\u2019ve got special stories from several capoeiras with more than 2 thousand pictures from @jose.carlos.70, an experienced photographer that has been participating in the Republica roda for years.<\/p>\n<p>For this and other projects to exist, it\u2019s very important your contribution. Please, consider supporting our initiatives by choosing a subscription plan.<\/p>\n<p>Our archive is fulfilled with great moments, we have about 150 videos and more than 70h of special content for you.<\/p>\n<p>Thank you very much.<br \/>\nFabio Santos","protected":false},"excerpt":{"rendered":"<p>CapoeiraViva.net radio 3rd episode<\/p>\n<p>This is a pilot project where we\u2019ve selected the best Capoeira songs recorded of the last years by our crew.<\/p>\n<p>Between songs, we\u2019ve got special stories from several capoeiras with more than 2 thousand pictures from @jose.carlos.70, an experienced photographer that has been participating in the Republica roda for years.<\/p>\n<p>For this and other projects to exist, it\u2019s very important your contribution. Please, consider supporting our initiatives by choosing a subscription plan.<\/p>\n<p>Our archive is fulfilled with great moments, we have about 150 videos and more than 70h of special content for you.<\/p>\n<p>Thank you very much.<br \/>\nFabio Santos<\/p>\n","protected":false},"author":17,"featured_media":1909,"comment_status":"closed","ping_status":"closed","sticky":false,"template":"","format":"standard","meta":{"_monsterinsights_skip_tracking":false,"_monsterinsights_sitenote_active":false,"_monsterinsights_sitenote_note":"","_monsterinsights_sitenote_category":0,"footnotes":"","_links_to":"","_links_to_target":""},"categories":[14,30],"tags":[],"class_list":["post-1908","post","type-post","status-publish","format-standard","has-post-thumbnail","hentry","category-videos-capoeira-acervo-aberto","category-radio"],"yoast_head":"<!-- This site is optimized with the Yoast SEO plugin v27.5 - https:\/\/yoast.com\/product\/yoast-seo-wordpress\/ -->\n<title>CapoeiraViva.net Radio Station - Ep. 03 - CapoeiraViva.net<\/title>\n<meta name=\"robots\" content=\"index, follow, max-snippet:-1, max-image-preview:large, max-video-preview:-1\" \/>\n<link rel=\"canonical\" href=\"https:\/\/www.capoeiraviva.net\/en\/episodio-03-radio-capoeiraviva-net\/\" \/>\n<meta property=\"og:locale\" content=\"en_US\" \/>\n<meta property=\"og:type\" content=\"article\" \/>\n<meta property=\"og:title\" content=\"CapoeiraViva.net Radio Station - Ep. 03 - CapoeiraViva.net\" \/>\n<meta property=\"og:description\" content=\"[:pb]R\u00e1dio CapoeiraViva.net Epis\u00f3dio 03  Esse \u00e9 um projeto piloto onde selecionamos as melhores cantigas de Capoeira gravadas nos \u00faltimos anos pelo Canal. Entre as m\u00fasicas contamos com a participa\u00e7\u00e3o de diversos capoeirista para contar hist\u00f3rias e causos de capoeira e fizemos uma bateria de mais de 2 mil fotos do fot\u00f3grafo portugu\u00eas Jos\u00e9 Carlos @jose.carlos.70, que faz a cobertura de fotos na Pra\u00e7a h\u00e1 alguns anos.\u00a0 At\u00e9 agora j\u00e1 produzimos 7 programas de 1 hora cada. Publicaremos os programas conforme divulga\u00e7\u00e3o. Para que esse projeto se desenvolva e se mantenha \u00e9 fundamental o apoio financeiro ao Canal. S\u00e3o mais de 150 v\u00eddeos dispon\u00edveis e mais de 70 horas de cont\u00e9udo exclusivo. Agradecemos ao apoio de todos os assinantes desde j\u00e1. S\u00f3 poss\u00edvel realizar todo esse material devido ao seu apoio.  Muito Obrigado e muito ax\u00e9 meus camaradas.  Fabio Santos[:en]CapoeiraViva.net radio 3rd episode  This is a pilot project where we\u2019ve selected the best Capoeira songs recorded of the last years by our crew.  Between songs, we\u2019ve got special stories from several capoeiras with more than 2 thousand pictures from @jose.carlos.70, an experienced photographer that has been participating in the Republica roda for years.  For this and other projects to exist, it\u2019s very important your contribution. Please, consider supporting our initiatives by choosing a subscription plan.  Our archive is fulfilled with great moments, we have about 150 videos and more than 70h of special content for you.  Thank you very much. Fabio Santos[:]\" \/>\n<meta property=\"og:url\" content=\"https:\/\/www.capoeiraviva.net\/en\/episodio-03-radio-capoeiraviva-net\/\" \/>\n<meta property=\"og:site_name\" content=\"CapoeiraViva.net\" \/>\n<meta property=\"article:publisher\" content=\"https:\/\/www.facebook.com\/capoeiradarepublica\/\" \/>\n<meta property=\"article:published_time\" content=\"2020-06-16T18:51:48+00:00\" \/>\n<meta property=\"article:modified_time\" content=\"2020-06-16T19:10:16+00:00\" \/>\n<meta property=\"og:image\" content=\"https:\/\/www.capoeiraviva.net\/wp-content\/uploads\/2020\/06\/EP-03.jpg\" \/>\n\t<meta property=\"og:image:width\" content=\"1920\" \/>\n\t<meta property=\"og:image:height\" content=\"1080\" \/>\n\t<meta property=\"og:image:type\" content=\"image\/jpeg\" \/>\n<meta name=\"author\" content=\"Fabio\" \/>\n<meta name=\"twitter:card\" content=\"summary_large_image\" \/>\n<meta name=\"twitter:label1\" content=\"Written by\" \/>\n\t<meta name=\"twitter:data1\" content=\"Fabio\" \/>\n\t<meta name=\"twitter:label2\" content=\"Est. reading time\" \/>\n\t<meta name=\"twitter:data2\" content=\"1 minute\" \/>\n<script type=\"application\/ld+json\" class=\"yoast-schema-graph\">{\"@context\":\"https:\\\/\\\/schema.org\",\"@graph\":[{\"@type\":\"Article\",\"@id\":\"https:\\\/\\\/www.capoeiraviva.net\\\/en\\\/episodio-03-radio-capoeiraviva-net\\\/#article\",\"isPartOf\":{\"@id\":\"https:\\\/\\\/www.capoeiraviva.net\\\/en\\\/episodio-03-radio-capoeiraviva-net\\\/\"},\"author\":{\"name\":\"Fabio\",\"@id\":\"https:\\\/\\\/www.capoeiraviva.net\\\/#\\\/schema\\\/person\\\/21692530fb06ef856d56792f53e47962\"},\"headline\":\"CapoeiraViva.net Radio Station &#8211; Ep. 03\",\"datePublished\":\"2020-06-16T18:51:48+00:00\",\"dateModified\":\"2020-06-16T19:10:16+00:00\",\"mainEntityOfPage\":{\"@id\":\"https:\\\/\\\/www.capoeiraviva.net\\\/en\\\/episodio-03-radio-capoeiraviva-net\\\/\"},\"wordCount\":278,\"publisher\":{\"@id\":\"https:\\\/\\\/www.capoeiraviva.net\\\/#organization\"},\"image\":{\"@id\":\"https:\\\/\\\/www.capoeiraviva.net\\\/en\\\/episodio-03-radio-capoeiraviva-net\\\/#primaryimage\"},\"thumbnailUrl\":\"https:\\\/\\\/www.capoeiraviva.net\\\/wp-content\\\/uploads\\\/2020\\\/06\\\/EP-03.jpg\",\"articleSection\":[\"Open Archive\",\"\"],\"inLanguage\":\"en-US\"},{\"@type\":\"WebPage\",\"@id\":\"https:\\\/\\\/www.capoeiraviva.net\\\/en\\\/episodio-03-radio-capoeiraviva-net\\\/\",\"url\":\"https:\\\/\\\/www.capoeiraviva.net\\\/en\\\/episodio-03-radio-capoeiraviva-net\\\/\",\"name\":\"CapoeiraViva.net Radio Station - Ep. 03 - CapoeiraViva.net\",\"isPartOf\":{\"@id\":\"https:\\\/\\\/www.capoeiraviva.net\\\/#website\"},\"primaryImageOfPage\":{\"@id\":\"https:\\\/\\\/www.capoeiraviva.net\\\/en\\\/episodio-03-radio-capoeiraviva-net\\\/#primaryimage\"},\"image\":{\"@id\":\"https:\\\/\\\/www.capoeiraviva.net\\\/en\\\/episodio-03-radio-capoeiraviva-net\\\/#primaryimage\"},\"thumbnailUrl\":\"https:\\\/\\\/www.capoeiraviva.net\\\/wp-content\\\/uploads\\\/2020\\\/06\\\/EP-03.jpg\",\"datePublished\":\"2020-06-16T18:51:48+00:00\",\"dateModified\":\"2020-06-16T19:10:16+00:00\",\"breadcrumb\":{\"@id\":\"https:\\\/\\\/www.capoeiraviva.net\\\/en\\\/episodio-03-radio-capoeiraviva-net\\\/#breadcrumb\"},\"inLanguage\":\"en-US\",\"potentialAction\":[{\"@type\":\"ReadAction\",\"target\":[\"https:\\\/\\\/www.capoeiraviva.net\\\/en\\\/episodio-03-radio-capoeiraviva-net\\\/\"]}]},{\"@type\":\"ImageObject\",\"inLanguage\":\"en-US\",\"@id\":\"https:\\\/\\\/www.capoeiraviva.net\\\/en\\\/episodio-03-radio-capoeiraviva-net\\\/#primaryimage\",\"url\":\"https:\\\/\\\/www.capoeiraviva.net\\\/wp-content\\\/uploads\\\/2020\\\/06\\\/EP-03.jpg\",\"contentUrl\":\"https:\\\/\\\/www.capoeiraviva.net\\\/wp-content\\\/uploads\\\/2020\\\/06\\\/EP-03.jpg\",\"width\":1920,\"height\":1080},{\"@type\":\"BreadcrumbList\",\"@id\":\"https:\\\/\\\/www.capoeiraviva.net\\\/en\\\/episodio-03-radio-capoeiraviva-net\\\/#breadcrumb\",\"itemListElement\":[{\"@type\":\"ListItem\",\"position\":1,\"name\":\"In\u00edcio\",\"item\":\"https:\\\/\\\/www.capoeiraviva.net\\\/\"},{\"@type\":\"ListItem\",\"position\":2,\"name\":\"CapoeiraViva.net Radio Station &#8211; Ep. 03\"}]},{\"@type\":\"WebSite\",\"@id\":\"https:\\\/\\\/www.capoeiraviva.net\\\/#website\",\"url\":\"https:\\\/\\\/www.capoeiraviva.net\\\/\",\"name\":\"CapoeiraViva.net\",\"description\":\"Acervo audiovisual de registro hist\u00f3rico da capoeira em S\u00e3o Paulo\",\"publisher\":{\"@id\":\"https:\\\/\\\/www.capoeiraviva.net\\\/#organization\"},\"potentialAction\":[{\"@type\":\"SearchAction\",\"target\":{\"@type\":\"EntryPoint\",\"urlTemplate\":\"https:\\\/\\\/www.capoeiraviva.net\\\/?s={search_term_string}\"},\"query-input\":{\"@type\":\"PropertyValueSpecification\",\"valueRequired\":true,\"valueName\":\"search_term_string\"}}],\"inLanguage\":\"en-US\"},{\"@type\":\"Organization\",\"@id\":\"https:\\\/\\\/www.capoeiraviva.net\\\/#organization\",\"name\":\"CapoeiraViva.net\",\"url\":\"https:\\\/\\\/www.capoeiraviva.net\\\/\",\"logo\":{\"@type\":\"ImageObject\",\"inLanguage\":\"en-US\",\"@id\":\"https:\\\/\\\/www.capoeiraviva.net\\\/#\\\/schema\\\/logo\\\/image\\\/\",\"url\":\"https:\\\/\\\/www.capoeiraviva.net\\\/wp-content\\\/uploads\\\/2018\\\/07\\\/Capture-1.png\",\"contentUrl\":\"https:\\\/\\\/www.capoeiraviva.net\\\/wp-content\\\/uploads\\\/2018\\\/07\\\/Capture-1.png\",\"width\":390,\"height\":108,\"caption\":\"CapoeiraViva.net\"},\"image\":{\"@id\":\"https:\\\/\\\/www.capoeiraviva.net\\\/#\\\/schema\\\/logo\\\/image\\\/\"},\"sameAs\":[\"https:\\\/\\\/www.facebook.com\\\/capoeiradarepublica\\\/\",\"https:\\\/\\\/www.instagram.com\\\/capoeiraviva\\\/\",\"https:\\\/\\\/www.youtube.com\\\/channel\\\/UCmltguCAFi1opI8iqfMF7ug\\\/feed\"]},{\"@type\":\"Person\",\"@id\":\"https:\\\/\\\/www.capoeiraviva.net\\\/#\\\/schema\\\/person\\\/21692530fb06ef856d56792f53e47962\",\"name\":\"Fabio\",\"image\":{\"@type\":\"ImageObject\",\"inLanguage\":\"en-US\",\"@id\":\"https:\\\/\\\/secure.gravatar.com\\\/avatar\\\/e665762c7cf105024810557a3258e1e2e5bb84a907450cdaa938f4551d7f593d?s=96&d=mm&r=g\",\"url\":\"https:\\\/\\\/secure.gravatar.com\\\/avatar\\\/e665762c7cf105024810557a3258e1e2e5bb84a907450cdaa938f4551d7f593d?s=96&d=mm&r=g\",\"contentUrl\":\"https:\\\/\\\/secure.gravatar.com\\\/avatar\\\/e665762c7cf105024810557a3258e1e2e5bb84a907450cdaa938f4551d7f593d?s=96&d=mm&r=g\",\"caption\":\"Fabio\"},\"url\":\"https:\\\/\\\/www.capoeiraviva.net\\\/en\\\/author\\\/fabio\\\/\"}]}<\/script>\n<!-- \/ Yoast SEO plugin. -->","yoast_head_json":{"title":"CapoeiraViva.net Radio Station - Ep. 03 - CapoeiraViva.net","robots":{"index":"index","follow":"follow","max-snippet":"max-snippet:-1","max-image-preview":"max-image-preview:large","max-video-preview":"max-video-preview:-1"},"canonical":"https:\/\/www.capoeiraviva.net\/en\/episodio-03-radio-capoeiraviva-net\/","og_locale":"en_US","og_type":"article","og_title":"CapoeiraViva.net Radio Station - Ep. 03 - CapoeiraViva.net","og_description":"[:pb]R\u00e1dio CapoeiraViva.net Epis\u00f3dio 03  Esse \u00e9 um projeto piloto onde selecionamos as melhores cantigas de Capoeira gravadas nos \u00faltimos anos pelo Canal. Entre as m\u00fasicas contamos com a participa\u00e7\u00e3o de diversos capoeirista para contar hist\u00f3rias e causos de capoeira e fizemos uma bateria de mais de 2 mil fotos do fot\u00f3grafo portugu\u00eas Jos\u00e9 Carlos @jose.carlos.70, que faz a cobertura de fotos na Pra\u00e7a h\u00e1 alguns anos.\u00a0 At\u00e9 agora j\u00e1 produzimos 7 programas de 1 hora cada. Publicaremos os programas conforme divulga\u00e7\u00e3o. Para que esse projeto se desenvolva e se mantenha \u00e9 fundamental o apoio financeiro ao Canal. S\u00e3o mais de 150 v\u00eddeos dispon\u00edveis e mais de 70 horas de cont\u00e9udo exclusivo. Agradecemos ao apoio de todos os assinantes desde j\u00e1. S\u00f3 poss\u00edvel realizar todo esse material devido ao seu apoio.  Muito Obrigado e muito ax\u00e9 meus camaradas.  Fabio Santos[:en]CapoeiraViva.net radio 3rd episode  This is a pilot project where we\u2019ve selected the best Capoeira songs recorded of the last years by our crew.  Between songs, we\u2019ve got special stories from several capoeiras with more than 2 thousand pictures from @jose.carlos.70, an experienced photographer that has been participating in the Republica roda for years.  For this and other projects to exist, it\u2019s very important your contribution. Please, consider supporting our initiatives by choosing a subscription plan.  Our archive is fulfilled with great moments, we have about 150 videos and more than 70h of special content for you.  Thank you very much. Fabio Santos[:]","og_url":"https:\/\/www.capoeiraviva.net\/en\/episodio-03-radio-capoeiraviva-net\/","og_site_name":"CapoeiraViva.net","article_publisher":"https:\/\/www.facebook.com\/capoeiradarepublica\/","article_published_time":"2020-06-16T18:51:48+00:00","article_modified_time":"2020-06-16T19:10:16+00:00","og_image":[{"width":1920,"height":1080,"url":"https:\/\/www.capoeiraviva.net\/wp-content\/uploads\/2020\/06\/EP-03.jpg","type":"image\/jpeg"}],"author":"Fabio","twitter_card":"summary_large_image","twitter_misc":{"Written by":"Fabio","Est. reading time":"1 minute"},"schema":{"@context":"https:\/\/schema.org","@graph":[{"@type":"Article","@id":"https:\/\/www.capoeiraviva.net\/en\/episodio-03-radio-capoeiraviva-net\/#article","isPartOf":{"@id":"https:\/\/www.capoeiraviva.net\/en\/episodio-03-radio-capoeiraviva-net\/"},"author":{"name":"Fabio","@id":"https:\/\/www.capoeiraviva.net\/#\/schema\/person\/21692530fb06ef856d56792f53e47962"},"headline":"CapoeiraViva.net Radio Station &#8211; Ep. 03","datePublished":"2020-06-16T18:51:48+00:00","dateModified":"2020-06-16T19:10:16+00:00","mainEntityOfPage":{"@id":"https:\/\/www.capoeiraviva.net\/en\/episodio-03-radio-capoeiraviva-net\/"},"wordCount":278,"publisher":{"@id":"https:\/\/www.capoeiraviva.net\/#organization"},"image":{"@id":"https:\/\/www.capoeiraviva.net\/en\/episodio-03-radio-capoeiraviva-net\/#primaryimage"},"thumbnailUrl":"https:\/\/www.capoeiraviva.net\/wp-content\/uploads\/2020\/06\/EP-03.jpg","articleSection":["Open Archive",""],"inLanguage":"en-US"},{"@type":"WebPage","@id":"https:\/\/www.capoeiraviva.net\/en\/episodio-03-radio-capoeiraviva-net\/","url":"https:\/\/www.capoeiraviva.net\/en\/episodio-03-radio-capoeiraviva-net\/","name":"CapoeiraViva.net Radio Station - Ep. 03 - CapoeiraViva.net","isPartOf":{"@id":"https:\/\/www.capoeiraviva.net\/#website"},"primaryImageOfPage":{"@id":"https:\/\/www.capoeiraviva.net\/en\/episodio-03-radio-capoeiraviva-net\/#primaryimage"},"image":{"@id":"https:\/\/www.capoeiraviva.net\/en\/episodio-03-radio-capoeiraviva-net\/#primaryimage"},"thumbnailUrl":"https:\/\/www.capoeiraviva.net\/wp-content\/uploads\/2020\/06\/EP-03.jpg","datePublished":"2020-06-16T18:51:48+00:00","dateModified":"2020-06-16T19:10:16+00:00","breadcrumb":{"@id":"https:\/\/www.capoeiraviva.net\/en\/episodio-03-radio-capoeiraviva-net\/#breadcrumb"},"inLanguage":"en-US","potentialAction":[{"@type":"ReadAction","target":["https:\/\/www.capoeiraviva.net\/en\/episodio-03-radio-capoeiraviva-net\/"]}]},{"@type":"ImageObject","inLanguage":"en-US","@id":"https:\/\/www.capoeiraviva.net\/en\/episodio-03-radio-capoeiraviva-net\/#primaryimage","url":"https:\/\/www.capoeiraviva.net\/wp-content\/uploads\/2020\/06\/EP-03.jpg","contentUrl":"https:\/\/www.capoeiraviva.net\/wp-content\/uploads\/2020\/06\/EP-03.jpg","width":1920,"height":1080},{"@type":"BreadcrumbList","@id":"https:\/\/www.capoeiraviva.net\/en\/episodio-03-radio-capoeiraviva-net\/#breadcrumb","itemListElement":[{"@type":"ListItem","position":1,"name":"In\u00edcio","item":"https:\/\/www.capoeiraviva.net\/"},{"@type":"ListItem","position":2,"name":"CapoeiraViva.net Radio Station &#8211; Ep. 03"}]},{"@type":"WebSite","@id":"https:\/\/www.capoeiraviva.net\/#website","url":"https:\/\/www.capoeiraviva.net\/","name":"CapoeiraViva.net","description":"Acervo audiovisual de registro hist\u00f3rico da capoeira em S\u00e3o Paulo","publisher":{"@id":"https:\/\/www.capoeiraviva.net\/#organization"},"potentialAction":[{"@type":"SearchAction","target":{"@type":"EntryPoint","urlTemplate":"https:\/\/www.capoeiraviva.net\/?s={search_term_string}"},"query-input":{"@type":"PropertyValueSpecification","valueRequired":true,"valueName":"search_term_string"}}],"inLanguage":"en-US"},{"@type":"Organization","@id":"https:\/\/www.capoeiraviva.net\/#organization","name":"CapoeiraViva.net","url":"https:\/\/www.capoeiraviva.net\/","logo":{"@type":"ImageObject","inLanguage":"en-US","@id":"https:\/\/www.capoeiraviva.net\/#\/schema\/logo\/image\/","url":"https:\/\/www.capoeiraviva.net\/wp-content\/uploads\/2018\/07\/Capture-1.png","contentUrl":"https:\/\/www.capoeiraviva.net\/wp-content\/uploads\/2018\/07\/Capture-1.png","width":390,"height":108,"caption":"CapoeiraViva.net"},"image":{"@id":"https:\/\/www.capoeiraviva.net\/#\/schema\/logo\/image\/"},"sameAs":["https:\/\/www.facebook.com\/capoeiradarepublica\/","https:\/\/www.instagram.com\/capoeiraviva\/","https:\/\/www.youtube.com\/channel\/UCmltguCAFi1opI8iqfMF7ug\/feed"]},{"@type":"Person","@id":"https:\/\/www.capoeiraviva.net\/#\/schema\/person\/21692530fb06ef856d56792f53e47962","name":"Fabio","image":{"@type":"ImageObject","inLanguage":"en-US","@id":"https:\/\/secure.gravatar.com\/avatar\/e665762c7cf105024810557a3258e1e2e5bb84a907450cdaa938f4551d7f593d?s=96&d=mm&r=g","url":"https:\/\/secure.gravatar.com\/avatar\/e665762c7cf105024810557a3258e1e2e5bb84a907450cdaa938f4551d7f593d?s=96&d=mm&r=g","contentUrl":"https:\/\/secure.gravatar.com\/avatar\/e665762c7cf105024810557a3258e1e2e5bb84a907450cdaa938f4551d7f593d?s=96&d=mm&r=g","caption":"Fabio"},"url":"https:\/\/www.capoeiraviva.net\/en\/author\/fabio\/"}]}},"_links":{"self":[{"href":"https:\/\/www.capoeiraviva.net\/en\/wp-json\/wp\/v2\/posts\/1908","targetHints":{"allow":["GET"]}}],"collection":[{"href":"https:\/\/www.capoeiraviva.net\/en\/wp-json\/wp\/v2\/posts"}],"about":[{"href":"https:\/\/www.capoeiraviva.net\/en\/wp-json\/wp\/v2\/types\/post"}],"author":[{"embeddable":true,"href":"https:\/\/www.capoeiraviva.net\/en\/wp-json\/wp\/v2\/users\/17"}],"replies":[{"embeddable":true,"href":"https:\/\/www.capoeiraviva.net\/en\/wp-json\/wp\/v2\/comments?post=1908"}],"version-history":[{"count":4,"href":"https:\/\/www.capoeiraviva.net\/en\/wp-json\/wp\/v2\/posts\/1908\/revisions"}],"predecessor-version":[{"id":1919,"href":"https:\/\/www.capoeiraviva.net\/en\/wp-json\/wp\/v2\/posts\/1908\/revisions\/1919"}],"wp:featuredmedia":[{"embeddable":true,"href":"https:\/\/www.capoeiraviva.net\/en\/wp-json\/wp\/v2\/media\/1909"}],"wp:attachment":[{"href":"https:\/\/www.capoeiraviva.net\/en\/wp-json\/wp\/v2\/media?parent=1908"}],"wp:term":[{"taxonomy":"category","embeddable":true,"href":"https:\/\/www.capoeiraviva.net\/en\/wp-json\/wp\/v2\/categories?post=1908"},{"taxonomy":"post_tag","embeddable":true,"href":"https:\/\/www.capoeiraviva.net\/en\/wp-json\/wp\/v2\/tags?post=1908"}],"curies":[{"name":"wp","href":"https:\/\/api.w.org\/{rel}","templated":true}]}}