{"id":30,"count":4,"description":"[:pb][:pb]A radio do acervo de v\u00eddeos de capoeira em S\u00e3o Paulo, em especial da Roda da Pra\u00e7a da Rep\u00fablica.\r\n<a href=\"http:\/\/www.capoeiraviva.net\/escolha-seu-plano\/\">Veja como apoiar nosso trabalho<\/a> e tenha acesso ao acervo de v\u00eddeos de capoeira completo com atualiza\u00e7\u00f5es toda a semana, entrevistas com mestres, eventos e muita cultura![:en]The radio of the Capoeira video collection from S\u00e3o Paulo - Brazil, especially the \"Roda da Pra\u00e7a da Rep\u00fablica\".\r\n<a href=\"http:\/\/www.capoeiraviva.net\/escolha-seu-plano\/\"> Learn how to support our work <\/a> and have access to our full archive updated every week, interviews with masters, events and tons of cultural records![:][:]","link":"https:\/\/www.capoeiraviva.net\/en\/category\/radio\/","name":"","slug":"radio","taxonomy":"category","parent":0,"meta":[],"yoast_head":"<!-- This site is optimized with the Yoast SEO plugin v27.5 - https:\/\/yoast.com\/product\/yoast-seo-wordpress\/ -->\n<title>Arquivos  - CapoeiraViva.net<\/title>\n<meta name=\"robots\" content=\"index, follow, max-snippet:-1, max-image-preview:large, max-video-preview:-1\" \/>\n<link rel=\"canonical\" href=\"https:\/\/www.capoeiraviva.net\/en\/category\/radio\/\" \/>\n<meta property=\"og:locale\" content=\"en_US\" \/>\n<meta property=\"og:type\" content=\"article\" \/>\n<meta property=\"og:title\" content=\"Arquivos  - CapoeiraViva.net\" \/>\n<meta property=\"og:description\" content=\"The radio of the Capoeira video collection from S\u00e3o Paulo &#8211; Brazil, especially the &#8220;Roda da Pra\u00e7a da Rep\u00fablica&#8221;. Learn how to support our work and have access to our full archive updated every week, interviews with masters, events and tons of cultural records!\" \/>\n<meta property=\"og:url\" content=\"https:\/\/www.capoeiraviva.net\/en\/category\/radio\/\" \/>\n<meta property=\"og:site_name\" content=\"CapoeiraViva.net\" \/>\n<meta property=\"og:image\" content=\"https:\/\/www.capoeiraviva.net\/wp-content\/uploads\/2018\/05\/raw-2-2-e1535052502944.jpg\" \/>\n\t<meta property=\"og:image:width\" content=\"1200\" \/>\n\t<meta property=\"og:image:height\" content=\"800\" \/>\n\t<meta property=\"og:image:type\" content=\"image\/jpeg\" \/>\n<meta name=\"twitter:card\" content=\"summary_large_image\" \/>\n<script type=\"application\/ld+json\" class=\"yoast-schema-graph\">{\"@context\":\"https:\\\/\\\/schema.org\",\"@graph\":[{\"@type\":\"CollectionPage\",\"@id\":\"https:\\\/\\\/www.capoeiraviva.net\\\/en\\\/category\\\/radio\\\/\",\"url\":\"https:\\\/\\\/www.capoeiraviva.net\\\/en\\\/category\\\/radio\\\/\",\"name\":\"Arquivos - CapoeiraViva.net\",\"isPartOf\":{\"@id\":\"https:\\\/\\\/www.capoeiraviva.net\\\/#website\"},\"inLanguage\":\"en-US\"},{\"@type\":\"WebSite\",\"@id\":\"https:\\\/\\\/www.capoeiraviva.net\\\/#website\",\"url\":\"https:\\\/\\\/www.capoeiraviva.net\\\/\",\"name\":\"CapoeiraViva.net\",\"description\":\"Acervo audiovisual de registro hist\u00f3rico da capoeira em S\u00e3o Paulo\",\"publisher\":{\"@id\":\"https:\\\/\\\/www.capoeiraviva.net\\\/#organization\"},\"potentialAction\":[{\"@type\":\"SearchAction\",\"target\":{\"@type\":\"EntryPoint\",\"urlTemplate\":\"https:\\\/\\\/www.capoeiraviva.net\\\/?s={search_term_string}\"},\"query-input\":{\"@type\":\"PropertyValueSpecification\",\"valueRequired\":true,\"valueName\":\"search_term_string\"}}],\"inLanguage\":\"en-US\"},{\"@type\":\"Organization\",\"@id\":\"https:\\\/\\\/www.capoeiraviva.net\\\/#organization\",\"name\":\"CapoeiraViva.net\",\"url\":\"https:\\\/\\\/www.capoeiraviva.net\\\/\",\"logo\":{\"@type\":\"ImageObject\",\"inLanguage\":\"en-US\",\"@id\":\"https:\\\/\\\/www.capoeiraviva.net\\\/#\\\/schema\\\/logo\\\/image\\\/\",\"url\":\"https:\\\/\\\/www.capoeiraviva.net\\\/wp-content\\\/uploads\\\/2018\\\/07\\\/Capture-1.png\",\"contentUrl\":\"https:\\\/\\\/www.capoeiraviva.net\\\/wp-content\\\/uploads\\\/2018\\\/07\\\/Capture-1.png\",\"width\":390,\"height\":108,\"caption\":\"CapoeiraViva.net\"},\"image\":{\"@id\":\"https:\\\/\\\/www.capoeiraviva.net\\\/#\\\/schema\\\/logo\\\/image\\\/\"},\"sameAs\":[\"https:\\\/\\\/www.facebook.com\\\/capoeiradarepublica\\\/\",\"https:\\\/\\\/www.instagram.com\\\/capoeiraviva\\\/\",\"https:\\\/\\\/www.youtube.com\\\/channel\\\/UCmltguCAFi1opI8iqfMF7ug\\\/feed\"]}]}<\/script>\n<!-- \/ Yoast SEO plugin. -->","yoast_head_json":{"title":"Arquivos  - CapoeiraViva.net","robots":{"index":"index","follow":"follow","max-snippet":"max-snippet:-1","max-image-preview":"max-image-preview:large","max-video-preview":"max-video-preview:-1"},"canonical":"https:\/\/www.capoeiraviva.net\/en\/category\/radio\/","og_locale":"en_US","og_type":"article","og_title":"Arquivos  - CapoeiraViva.net","og_description":"The radio of the Capoeira video collection from S\u00e3o Paulo &#8211; Brazil, especially the &#8220;Roda da Pra\u00e7a da Rep\u00fablica&#8221;. Learn how to support our work and have access to our full archive updated every week, interviews with masters, events and tons of cultural records!","og_url":"https:\/\/www.capoeiraviva.net\/en\/category\/radio\/","og_site_name":"CapoeiraViva.net","og_image":[{"width":1200,"height":800,"url":"https:\/\/www.capoeiraviva.net\/wp-content\/uploads\/2018\/05\/raw-2-2-e1535052502944.jpg","type":"image\/jpeg"}],"twitter_card":"summary_large_image","schema":{"@context":"https:\/\/schema.org","@graph":[{"@type":"CollectionPage","@id":"https:\/\/www.capoeiraviva.net\/en\/category\/radio\/","url":"https:\/\/www.capoeiraviva.net\/en\/category\/radio\/","name":"Arquivos - CapoeiraViva.net","isPartOf":{"@id":"https:\/\/www.capoeiraviva.net\/#website"},"inLanguage":"en-US"},{"@type":"WebSite","@id":"https:\/\/www.capoeiraviva.net\/#website","url":"https:\/\/www.capoeiraviva.net\/","name":"CapoeiraViva.net","description":"Acervo audiovisual de registro hist\u00f3rico da capoeira em S\u00e3o Paulo","publisher":{"@id":"https:\/\/www.capoeiraviva.net\/#organization"},"potentialAction":[{"@type":"SearchAction","target":{"@type":"EntryPoint","urlTemplate":"https:\/\/www.capoeiraviva.net\/?s={search_term_string}"},"query-input":{"@type":"PropertyValueSpecification","valueRequired":true,"valueName":"search_term_string"}}],"inLanguage":"en-US"},{"@type":"Organization","@id":"https:\/\/www.capoeiraviva.net\/#organization","name":"CapoeiraViva.net","url":"https:\/\/www.capoeiraviva.net\/","logo":{"@type":"ImageObject","inLanguage":"en-US","@id":"https:\/\/www.capoeiraviva.net\/#\/schema\/logo\/image\/","url":"https:\/\/www.capoeiraviva.net\/wp-content\/uploads\/2018\/07\/Capture-1.png","contentUrl":"https:\/\/www.capoeiraviva.net\/wp-content\/uploads\/2018\/07\/Capture-1.png","width":390,"height":108,"caption":"CapoeiraViva.net"},"image":{"@id":"https:\/\/www.capoeiraviva.net\/#\/schema\/logo\/image\/"},"sameAs":["https:\/\/www.facebook.com\/capoeiradarepublica\/","https:\/\/www.instagram.com\/capoeiraviva\/","https:\/\/www.youtube.com\/channel\/UCmltguCAFi1opI8iqfMF7ug\/feed"]}]}},"_links":{"self":[{"href":"https:\/\/www.capoeiraviva.net\/en\/wp-json\/wp\/v2\/categories\/30","targetHints":{"allow":["GET"]}}],"collection":[{"href":"https:\/\/www.capoeiraviva.net\/en\/wp-json\/wp\/v2\/categories"}],"about":[{"href":"https:\/\/www.capoeiraviva.net\/en\/wp-json\/wp\/v2\/taxonomies\/category"}],"wp:post_type":[{"href":"https:\/\/www.capoeiraviva.net\/en\/wp-json\/wp\/v2\/posts?categories=30"}],"curies":[{"name":"wp","href":"https:\/\/api.w.org\/{rel}","templated":true}]}}